{"id":21052,"date":"2025-11-06T15:07:10","date_gmt":"2025-11-06T14:07:10","guid":{"rendered":"https:\/\/www.confindustria.it\/?post_type=news&#038;p=21052"},"modified":"2025-11-06T18:01:16","modified_gmt":"2025-11-06T17:01:16","slug":"europe-at-risk-of-industrial-decline-the-alarm-of-confindustria-bdi-and-medef","status":"publish","type":"news","link":"https:\/\/www.confindustria.it\/en\/news\/europe-at-risk-of-industrial-decline-the-alarm-of-confindustria-bdi-and-medef\/","title":{"rendered":"Europe at risk of industrial decline: the alarm of Confindustria, BDI and MEDEF"},"content":{"rendered":"<h3><strong>The three European industrial organisations call for a change of pace: 'Competitiveness must become the compass of every European policy'.<\/strong><\/h3>\n<p>Europe risks unprecedented industrial decline if it does not act now to strengthen its competitiveness. It is this <a href=\"https:\/\/www.confindustria.it\/en\/press_communications\/confindustria-bdi-medef-urgent-appeal-to-europe-risk-of-industrial-decline\/\">the alarm launched jointly by <strong>Confindustria, BDI and MEDEF<\/strong> <\/a>at <strong>statement issued at the end of the 7th Trilateral Business Forum<\/strong>, <a href=\"https:\/\/www.confindustria.it\/en\/events\/trilateral-forum-confindustria-medef-bdi-2025\/\">held in Rome on 5 and 6 November 2025<\/a>.<\/p>\n<p>The work was attended by <strong>Emanuele Orsini<\/strong> (Confindustria), <strong>Peter Leibinger<\/strong> (BDI) and <strong>Patrick Martin<\/strong> (MEDEF), together with the <strong>European Commissioner for Prosperity and Industrial Strategy St\u00e9phane S\u00e9journ\u00e9<\/strong>which brought the Commission's perspective on the Union's economic and production priorities.<\/p>\n<p>\"It is time to recognise that Europe is seriously falling behind and that the risk of decline and de-industrialisation is now higher than ever,\" reads the joint statement (<a href=\"https:\/\/www.confindustria.it\/en\/documents\/trilateral-business-forum-joint-declaration-by-confindustria-bdi-and-medef\/\">here the full version<\/a>).<\/p>\n<p>The three organisations call on the European institutions to take immediate action:<\/p>\n<blockquote><p>\"Now more than ever, Europe must assert its independence, protect its security and take the lead in the development of technologies essential to its strategic interests.\"<\/p><\/blockquote>\n<p>The appeal consists of <strong>six strategic priorities<\/strong> to boost the continent's growth, competitiveness and industrial autonomy.<\/p>\n<h4><strong>Simplifying the rules and completing the Single Market<\/strong><\/h4>\n<p>The first point of the declaration concerns the need to <strong>Cutting red tape and speeding up regulatory simplification<\/strong>. The three industry confederations call for full implementation of the<strong>European simplification agenda<\/strong>started with the <strong>Omnibus' packages<\/strong>to reduce the burden and time required to implement directives on <strong>due diligence (CSDD)<\/strong> e <strong>sustainability reporting (CSRD)<\/strong>.<\/p>\n<blockquote><p>\"The Commission must actively pursue its simplification and burden reduction agenda, setting ambitious and concrete targets,\" reads the text, which calls on Parliament and the Council to ensure \"real relief for businesses\".<\/p><\/blockquote>\n<p>The organisations insist on the completion of the <strong>European Single Market<\/strong>as the 'foundation of a stronger and more autonomous Europe', and on the need to remove the barriers that still restrict the free movement of goods, services, capital and people.<\/p>\n<h4><strong>Decarbonisation as an engine of competitiveness<\/strong><\/h4>\n<p>The second pillar of the declaration calls for <strong>making the green transition an engine of growth and not a brake on industrial development<\/strong>. 'Europe must ensure that the path to climate neutrality strengthens - rather than weakens - its industrial base,' the document states, emphasising the urgency of a 'balanced and realistic' approach.<\/p>\n<p>The transition will have to be supported by affordable energy, infrastructure investments, stable regulations and technology neutrality.<br \/>\nAmong the key measures indicated<\/p>\n<ul>\n<li><strong>reforming the European ETS<\/strong> to limit volatility and speculation;<\/li>\n<li><strong>ensuring a fair and consistent CBAM with the ETS<\/strong>with offsets for exports and simplified rules for SMEs;<\/li>\n<li><strong>recognise an equal role for nuclear, renewables, gas, hydrogen and CCUS<\/strong> in decarbonisation;<\/li>\n<li>adopt\u00a0<strong>emission reduction targets compatible with available technologies<\/strong>The proposed 90% reduction of CO\u2082 emissions by 2040 raises serious issues in terms of feasibility and the enabling conditions must first be secured<\/li>\n<\/ul>\n<blockquote><p>\"The enabling conditions must first be ensured by the EU: competitive energy, predictability of investments, simplified regulation and an effective CBAM.\"<\/p><\/blockquote>\n<h4><strong>Strengthening technological and digital sovereignty<\/strong><\/h4>\n<p>Third priority: <strong>regaining technological leadership<\/strong> and reduce strategic dependencies on other countries. Today, Europe produces only 11 % of the world's semiconductors and remains exposed to extraterritorial regulations that jeopardise the competitiveness of its companies.<\/p>\n<p>\"Technological sovereignty is a cornerstone of Europe's future,\" declare the three organisations, urging Brussels to strengthen digital and <strong>cybersecurity<\/strong>develop a <strong>cloud and sovereign artificial intelligence<\/strong>and support the acquisition of <strong>new digital skills<\/strong> in all productive sectors.<\/p>\n<h4><strong>A European budget geared towards growth and competitiveness<\/strong><\/h4>\n<p>The fourth priority concerns the <strong>Next Multiannual Financial Framework (MFF)<\/strong> of the Union, which should be 'ambitious, strategic and consistent with the objectives of industrial growth'. The three organisations propose the creation of a <strong>European Competitiveness Fund<\/strong>intended for large industrial projects and the reduction of the fragmentation of national programmes.<\/p>\n<p>At the same time, they reject any <strong>new European own resource<\/strong> - as the <strong>Corporate Resource (CORE)<\/strong> or the use of <strong>ETS proceeds<\/strong> - which would increase the tax burden on companies.<\/p>\n<blockquote><p>\"Such measures would undermine the attractiveness of the EU as an investment destination and create further obstacles to growth.\"<\/p><\/blockquote>\n<p>The three organisations also call for <strong>complete the Banking and Capital Markets Union<\/strong>to better channel private savings into productive investments and reduce the competitiveness gap with the US.<\/p>\n<h4><strong>Life sciences: pillar of European industrial sovereignty<\/strong><\/h4>\n<p>The fifth area of intervention concerns the <strong>life sciences sector<\/strong>as the 'cornerstone of Europe's health, prosperity and strategic sovereignty'. In 2024, the pharmaceutical sector alone recorded a trade surplus of almost EUR 200 billion: a sign of its strength and potential.<\/p>\n<blockquote><p>\"To maintain global leadership, Europe must redouble its efforts on innovation, not weaken it.\"<\/p><\/blockquote>\n<p>The declaration calls for the full implementation of the <strong>European Strategy for Life Sciences<\/strong>, the <strong>intellectual property protection<\/strong>, the <strong>regulatory simplification<\/strong> on medical and diagnostic devices and the <strong>strengthening technology transfer<\/strong> between research and industry.<\/p>\n<h4><strong>Defence and space: investing in European strategic autonomy<\/strong><\/h4>\n<p>Last priority: the <strong>defence and the space sector<\/strong>which are crucial for the continent's security and resilience. Europe must close the gap with the US and China by increasing investment and promoting a <strong>European Defence Industrial Policy<\/strong> more coordinated.<\/p>\n<blockquote><p>\"It is essential that the European Competitiveness Fund allocates adequate resources to the defence and space sectors, actively involving industry in setting priorities.\"<\/p><\/blockquote>\n<p>The declaration also recalls the need to strengthen industrial partnerships <strong>between France, Germany and Italy<\/strong>to build a common technological base and achieve economies of scale.<\/p>\n<h4><strong>Competitiveness as Europe's compass<\/strong><\/h4>\n<p>In the conclusion of the document, the three organisations warn that without a strong industrial policy, Europe risks losing influence, security and prosperity. In collaboration with <strong>BusinessEurope<\/strong>they are committed to promoting a vision of a Europe <strong>industrially sound, digitally autonomous and sustainable<\/strong>.<\/p>\n<blockquote><p>\"Competitiveness must become the compass of every European policy, regulation and investment,\" is the final appeal that closes the joint declaration.<\/p><\/blockquote>\n<p>An invitation to make industry the heart of the Europe of the future.<\/p>\n<p>&nbsp;<\/p>","protected":false},"excerpt":{"rendered":"<p>Confindustria, BDI and MEDEF appeal to the EU: 'The risk of industrial decline is higher than ever Six priorities to boost competitiveness and innovation<\/p>","protected":false},"author":23,"featured_media":21053,"menu_order":0,"template":"","meta":{"_acf_changed":false,"_et_pb_use_builder":"","_et_pb_old_content":"","_et_gb_content_width":"","footnotes":""},"in-evidenza":[78,82,83],"tag_globale":[231,64,121,130],"tema_globale":[],"tipo_news":[146],"class_list":["post-21052","news","type-news","status-publish","has-post-thumbnail","hentry","in-evidenza-in-archivio-secondario","in-evidenza-in-homepage-top","in-evidenza-in-menu-navigazione","tag_globale-europa","tag_globale-presidente","tag_globale-relazioni-istituzionali","tag_globale-unione-europea","tipo_news-news"],"acf":{"contatti_repeater_news":"","persone_repeater_news":"","colore_fotogallery":"dark","immagini_fotogallery":null},"_links":{"self":[{"href":"https:\/\/www.confindustria.it\/en\/wp-json\/wp\/v2\/news\/21052","targetHints":{"allow":["GET"]}}],"collection":[{"href":"https:\/\/www.confindustria.it\/en\/wp-json\/wp\/v2\/news"}],"about":[{"href":"https:\/\/www.confindustria.it\/en\/wp-json\/wp\/v2\/types\/news"}],"author":[{"embeddable":true,"href":"https:\/\/www.confindustria.it\/en\/wp-json\/wp\/v2\/users\/23"}],"version-history":[{"count":0,"href":"https:\/\/www.confindustria.it\/en\/wp-json\/wp\/v2\/news\/21052\/revisions"}],"wp:featuredmedia":[{"embeddable":true,"href":"https:\/\/www.confindustria.it\/en\/wp-json\/wp\/v2\/media\/21053"}],"wp:attachment":[{"href":"https:\/\/www.confindustria.it\/en\/wp-json\/wp\/v2\/media?parent=21052"}],"wp:term":[{"taxonomy":"in-evidenza","embeddable":true,"href":"https:\/\/www.confindustria.it\/en\/wp-json\/wp\/v2\/in-evidenza?post=21052"},{"taxonomy":"tag_globale","embeddable":true,"href":"https:\/\/www.confindustria.it\/en\/wp-json\/wp\/v2\/tag_globale?post=21052"},{"taxonomy":"tema_globale","embeddable":true,"href":"https:\/\/www.confindustria.it\/en\/wp-json\/wp\/v2\/tema_globale?post=21052"},{"taxonomy":"tipo_news","embeddable":true,"href":"https:\/\/www.confindustria.it\/en\/wp-json\/wp\/v2\/tipo_news?post=21052"}],"curies":[{"name":"wp","href":"https:\/\/api.w.org\/{rel}","templated":true}]}}